{"id":8145,"date":"2026-04-28T13:45:56","date_gmt":"2026-04-28T11:45:56","guid":{"rendered":"https:\/\/tcreims.com\/?p=8145"},"modified":"2026-04-28T13:45:58","modified_gmt":"2026-04-28T11:45:58","slug":"reinscriptions-et-inscriptions-saison-2026-2027","status":"publish","type":"post","link":"https:\/\/tcreims.com\/?p=8145","title":{"rendered":"R\u00e9inscriptions et Inscriptions Saison 2026\/2027"},"content":{"rendered":"\n<p class=\"has-tertiary-color has-text-color has-link-color wp-elements-8f647d2f52d33d78d23fbdb973f272b7\"><strong>Les r\u00e9inscriptions pour la saison 2026\/2027 d\u00e9buteront le mardi 12 mai 2026.<\/strong><\/p>\n\n\n\n<p><strong>Pour vous r\u00e9inscrire, nous vous invitons \u00e0 vous rendre directement au secr\u00e9tariat du club aux horaires habituels :<\/strong><br>du mardi au samedi, de 10h \u00e0 12h30 et de 13h30 \u00e0 18h (fermeture \u00e0 17h le samedi).<br><strong>&nbsp; &#8211;&nbsp;Aucune r\u00e9inscription ne pourra \u00eatre effectu\u00e9e par mail ou t\u00e9l\u00e9phone.<br>&nbsp; &#8211; Les inscriptions se feront uniquement sur place, aux horaires d\u2019ouverture du secr\u00e9tariat.<\/strong><\/p>\n\n\n\n<p>Afin de pr\u00e9parer au mieux la saison prochaine, nous vous invitons \u00e0 contacter l\u2019enseignant de votre enfant (ou votre enseignant pour les adultes) afin de faire un point pr\u00e9cis sur la saison \u00e9coul\u00e9e et d\u00e9terminer le niveau pour l\u2019ann\u00e9e \u00e0 venir.<br>Cet \u00e9change permettra de faciliter l\u2019homog\u00e9n\u00e9isation des groupes et d\u2019assurer une organisation optimale.<\/p>\n\n\n\n<p><strong>Le r\u00e8glement des frais d\u2019inscription sera demand\u00e9 obligatoirement au moment de l\u2019inscription afin de garantir votre place.<\/strong><br><strong>&nbsp;&#8211;&nbsp;Aucune place non r\u00e9gl\u00e9e ne sera r\u00e9serv\u00e9e.<br>&nbsp;&#8211; Toute inscription est d\u00e9finitive : aucun remboursement ne sera effectu\u00e9 en cas de changement d\u2019avis.<\/strong><\/p>\n\n\n\n<p>Pour les r\u00e8glements via <strong>Pass Sport<\/strong> ou <strong>ch\u00e8ques vacances<\/strong> non encore en votre possession, <strong>un ch\u00e8que de caution du montant correspondant <\/strong>vous sera demand\u00e9.<br>Sans r\u00e9ception des justificatifs, ces ch\u00e8ques pourront \u00eatre encaiss\u00e9s au plus tard le <strong>31 d\u00e9cembre 2026<\/strong>.<\/p>\n\n\n\n<p class=\"has-tertiary-color has-text-color has-link-color wp-elements-4bb8190635df68fafd39be3f9bd16d13\"><strong>Pour les nouveaux adh\u00e9rents, les inscriptions ouvriront \u00e0 partir du mardi 26 mai 2026.<\/strong><\/p>\n\n\n\n<h2 class=\"wp-block-heading\"><strong>Centre d\u2019Entra\u00eenement Comp\u00e9tition (CEC)<\/strong><\/h2>\n\n\n\n<p><strong>Un ch\u00e8que<\/strong> (ou plusieurs en cas de paiement en plusieurs fois) sera <strong>demand\u00e9 lors de l\u2019inscription<\/strong>.<br>Celui-ci sera restitu\u00e9 en cas d\u2019indisponibilit\u00e9 de place apr\u00e8s validation par le directeur sportif.<\/p>\n\n\n\n<h2 class=\"wp-block-heading\"><strong>Organisation de l\u2019\u00e9cole de tennis<\/strong><\/h2>\n\n\n\n<p>Quelques informations importantes :<\/p>\n\n\n\n<p>&nbsp;&#8211; Lors des r\u00e9inscriptions, vous pourrez choisir le <strong>cr\u00e9neau <\/strong>de votre choix (pour vous ou votre enfant), dans la limite des places disponibles.<\/p>\n\n\n\n<p>&nbsp;&#8211; Toute <strong>demande de changement de cr\u00e9neau<\/strong> apr\u00e8s inscription ne pourra \u00eatre accept\u00e9e que s\u2019il reste des places disponibles dans un autre groupe.<\/p>\n\n\n\n<p>&nbsp;&#8211; Les <strong>niveaux Galaxie<\/strong> seront structur\u00e9s sous forme d\u2019<strong>ateliers \u00e0 partir du niveau Orange <\/strong>(technique, r\u00e9p\u00e9tition gestuelle, exercices de jeu).<\/p>\n\n\n\n<p>&nbsp;&#8211; Le<strong> socle commun d\u2019apprentissage<\/strong> a \u00e9t\u00e9 repens\u00e9 afin d\u2019<strong>am\u00e9liorer l\u2019efficacit\u00e9 p\u00e9dagogique et de renforcer l\u2019identit\u00e9 du club.<\/strong><\/p>\n\n\n\n<p>&nbsp;&#8211; Les <strong>entra\u00eenements du Centre d\u2019Entra\u00eenement Comp\u00e9tition<\/strong> seront organis\u00e9s en groupes de <strong>4 joueurs en semaine et de 6 joueurs le mercredi ou le samedi.<\/strong><\/p>\n\n\n\n<p>&nbsp;&#8211; Les s\u00e9ances du <strong>CEC<\/strong> suivront \u00e9galement un format d\u2019<strong>ateliers<\/strong>.<\/p>\n\n\n\n<p>&nbsp;&#8211; L\u2019acc\u00e8s au <strong>CEC<\/strong> est soumis \u00e0 l\u2019<strong>approbation du directeur sportif <\/strong>(contact : Pheng).<\/p>\n\n\n\n<h2 class=\"wp-block-heading\"><strong>Cours collectifs adultes<\/strong><\/h2>\n\n\n\n<p>Nous encourageons les joueurs \u00e0 constituer des <strong>groupes de 4 personnes <\/strong>et \u00e0 choisir leur cr\u00e9neau d\u2019entra\u00eenement.<br>Des cr\u00e9neaux en journ\u00e9e peuvent \u00eatre propos\u00e9s.<\/p>\n\n\n\n<p>Tous les <strong>cours collectifs adultes <\/strong>auront une <strong>dur\u00e9e d\u2019une heure<\/strong>.<br>Un second cours hebdomadaire peut \u00eatre envisag\u00e9 selon les demandes.<\/p>\n\n\n\n<h2 class=\"wp-block-heading\"><strong>Formules 2026\/2027<\/strong><\/h2>\n\n\n\n<p><a href=\"https:\/\/adoc.app.fft.fr\/adminupload\/temp\/55\/51\/0015\/ADOC_PJ\/31\/989E33832C11B3021C1B2F9E8DE2AD77.pdf\">Formules 2026\/2027<\/a><\/p>\n\n\n\n<p><a href=\"https:\/\/adoc.app.fft.fr\/adminupload\/temp\/55\/51\/0015\/ADOC_PJ\/31\/D3E20D3766079AC12240C9619A7A01E0.pdf\">Fiche inscription \u00c9cole de Tennis<\/a><\/p>\n\n\n\n<p><a href=\"https:\/\/adoc.app.fft.fr\/adminupload\/temp\/55\/51\/0015\/ADOC_PJ\/31\/880CA3E1481DFEE192D26BBBADFA1049.pdf\">Fiche inscription Cours collectifs adultes<\/a><\/p>\n\n\n\n<p><br>Vous pouvez <strong>compl\u00e9ter vos fiches d&rsquo;inscriptions \u00e0 l\u2019avance <\/strong>et les <strong>remettre le jour de votre venue au secr\u00e9tariat<\/strong>.<\/p>\n\n\n\n<p>Nous avons h\u00e2te de vous retrouver pour une nouvelle saison au club, qui s\u2019annonce dynamique et riche en nouveaut\u00e9s.<\/p>\n\n\n\n<p>\u00c0 noter d\u00e8s \u00e0 pr\u00e9sent : samedi 20 juin \u2013 F\u00eate de l\u2019\u00e9cole de tennis !<\/p>\n\n\n\n<p>Sportivement,<\/p>\n\n\n\n<p>L\u2019\u00e9quipe du Tennis Club de Reims<br>9 boulevard Pasteur<br>51100 Reims<\/p>\n\n\n\n<figure class=\"wp-block-image\"><img decoding=\"async\" src=\"https:\/\/adoc.app.fft.fr\/adminupload\/temp\/55\/51\/0015\/ADOC_PJ\/31\/0053A548FC754916FC680C7D32335D9F.jpg\" alt=\"\"\/><\/figure>\n","protected":false},"excerpt":{"rendered":"<p>Les r\u00e9inscriptions pour la saison 2026\/2027 d\u00e9buteront le mardi 12 mai 2026. Pour vous r\u00e9inscrire, nous vous invitons \u00e0 vous rendre directement au secr\u00e9tariat du club aux horaires habituels :du mardi<\/p>\n","protected":false},"author":7,"featured_media":8147,"comment_status":"closed","ping_status":"closed","sticky":false,"template":"","format":"standard","meta":{"jetpack_post_was_ever_published":false,"_jetpack_newsletter_access":"","_jetpack_dont_email_post_to_subs":false,"_jetpack_newsletter_tier_id":0,"_jetpack_memberships_contains_paywalled_content":false,"_jetpack_memberships_contains_paid_content":false,"footnotes":"","jetpack_publicize_message":"","jetpack_publicize_feature_enabled":true,"jetpack_social_post_already_shared":true,"jetpack_social_options":{"image_generator_settings":{"template":"highway","default_image_id":0,"font":"","enabled":false},"version":2}},"categories":[1],"tags":[],"class_list":["post-8145","post","type-post","status-publish","format-standard","has-post-thumbnail","hentry","category-non-classe"],"jetpack_publicize_connections":[],"jetpack_featured_media_url":"https:\/\/tcreims.com\/wp-content\/uploads\/2026\/04\/Reinscription-rognee.jpg","jetpack_sharing_enabled":true,"jetpack_likes_enabled":true,"_links":{"self":[{"href":"https:\/\/tcreims.com\/index.php?rest_route=\/wp\/v2\/posts\/8145","targetHints":{"allow":["GET"]}}],"collection":[{"href":"https:\/\/tcreims.com\/index.php?rest_route=\/wp\/v2\/posts"}],"about":[{"href":"https:\/\/tcreims.com\/index.php?rest_route=\/wp\/v2\/types\/post"}],"author":[{"embeddable":true,"href":"https:\/\/tcreims.com\/index.php?rest_route=\/wp\/v2\/users\/7"}],"replies":[{"embeddable":true,"href":"https:\/\/tcreims.com\/index.php?rest_route=%2Fwp%2Fv2%2Fcomments&post=8145"}],"version-history":[{"count":1,"href":"https:\/\/tcreims.com\/index.php?rest_route=\/wp\/v2\/posts\/8145\/revisions"}],"predecessor-version":[{"id":8148,"href":"https:\/\/tcreims.com\/index.php?rest_route=\/wp\/v2\/posts\/8145\/revisions\/8148"}],"wp:featuredmedia":[{"embeddable":true,"href":"https:\/\/tcreims.com\/index.php?rest_route=\/wp\/v2\/media\/8147"}],"wp:attachment":[{"href":"https:\/\/tcreims.com\/index.php?rest_route=%2Fwp%2Fv2%2Fmedia&parent=8145"}],"wp:term":[{"taxonomy":"category","embeddable":true,"href":"https:\/\/tcreims.com\/index.php?rest_route=%2Fwp%2Fv2%2Fcategories&post=8145"},{"taxonomy":"post_tag","embeddable":true,"href":"https:\/\/tcreims.com\/index.php?rest_route=%2Fwp%2Fv2%2Ftags&post=8145"}],"curies":[{"name":"wp","href":"https:\/\/api.w.org\/{rel}","templated":true}]}}