{"id":7899,"date":"2025-10-23T10:38:28","date_gmt":"2025-10-23T08:38:28","guid":{"rendered":"https:\/\/tcreims.com\/?p=7899"},"modified":"2025-12-18T22:43:59","modified_gmt":"2025-12-18T21:43:59","slug":"invitation","status":"publish","type":"post","link":"https:\/\/tcreims.com\/?p=7899","title":{"rendered":"Invitation"},"content":{"rendered":"\n<h2 class=\"wp-block-heading\">Le jeudi 6 novembre \u00e0 18h dans l&rsquo;amphi de Sciences-Po Reims<\/h2>\n\n\n\n<p>Les membres du Tennis Club sont invit\u00e9s \u00e0 la Premi\u00e8re du film de Pierre Coulon  <strong>\u00ab\u00a0Reims l&rsquo;Am\u00e9ricaine\u00a0\u00bb<\/strong>. Une professeure am\u00e9ricaine sp\u00e9cialiste de la Croix Rouge et notre Pr\u00e9sident y ont \u00e9t\u00e9 film\u00e9s dans le club-house. <\/p>\n\n\n\n<p>Le TCR, d\u00e8s septembre 1923, est le premier symbole de cette aide am\u00e9ricaine \u00e0 la Reconstruction, \u00e0 Reims et dans \u00ab\u00a0les r\u00e9gions d\u00e9vast\u00e9es\u00a0\u00bb, parce que les Polignac, Melchior et Maxence, avec Anne Morgan et Andr\u00e9 Tardieu avaient \u0153uvr\u00e9 ensemble en 1916-17 \u00e0 l&rsquo;entr\u00e9e en guerre des \u00c9tats-Unis et \u00e0 la cr\u00e9ation du CARD ( Comit\u00e9 am\u00e9ricain pour les r\u00e9gions d\u00e9vast\u00e9es) Voir aussi <a href=\"https:\/\/tcreims.com\/?p=5725\">https:\/\/tcreims.com\/?p=5725<\/a> <\/p>\n\n\n\n<p>\u2013 <strong>Entr\u00e9e gratuite<\/strong>, sur inscription pr\u00e9alable obligatoire (places limit\u00e9es), inscrivez-vous d\u00e8s maintenant : <a href=\"https:\/\/www.lesfilmsdu104.com\/event-details\/reims-lamericaine-3\">https:\/\/www.lesfilmsdu104.com\/event-details\/reims-lamericaine-3<\/a><\/p>\n\n\n\n<p>Sur le site des <strong>Films du 104<\/strong>, vous pouvez \u00e9galement d\u00e9couvrir les autres r\u00e9alisations de Pierre Coulon, notamment <em>1051 jours de bombardements\u2026<\/em><br><a href=\"https:\/\/www.lesfilmsdu104.com\/\">https:\/\/www.lesfilmsdu104.com\/<\/a><\/p>\n\n\n<div class=\"wp-block-image\">\n<figure class=\"aligncenter size-large\"><img decoding=\"async\" src=\"https:\/\/www.reimsavant.documentation-ra.com\/wp-content\/uploads\/2025\/10\/Flyer-Premiere-de-Reims-lAmericaine_Page_1-707x1000.jpeg\" alt=\"\"\/><\/figure><\/div>","protected":false},"excerpt":{"rendered":"<p>Le jeudi 6 novembre \u00e0 18h dans l&rsquo;amphi de Sciences-Po Reims Les membres du Tennis Club sont invit\u00e9s \u00e0 la Premi\u00e8re du film de Pierre Coulon \u00ab\u00a0Reims l&rsquo;Am\u00e9ricaine\u00a0\u00bb. Une professeure am\u00e9ricaine<\/p>\n","protected":false},"author":3,"featured_media":7900,"comment_status":"closed","ping_status":"closed","sticky":false,"template":"","format":"standard","meta":{"jetpack_post_was_ever_published":false,"_jetpack_newsletter_access":"","_jetpack_dont_email_post_to_subs":false,"_jetpack_newsletter_tier_id":0,"_jetpack_memberships_contains_paywalled_content":false,"_jetpack_memberships_contains_paid_content":false,"footnotes":"","jetpack_publicize_message":"","jetpack_publicize_feature_enabled":true,"jetpack_social_post_already_shared":true,"jetpack_social_options":{"image_generator_settings":{"template":"highway","default_image_id":0,"font":"","enabled":false},"version":2}},"categories":[8,25],"tags":[37,36],"class_list":["post-7899","post","type-post","status-publish","format-standard","has-post-thumbnail","hentry","category-evenements","category-patrimoine","tag-anne-morgan","tag-tardieu"],"jetpack_publicize_connections":[],"jetpack_featured_media_url":"https:\/\/tcreims.com\/wp-content\/uploads\/2025\/10\/Flyer-Premiere-de-Reims-lAmericaine_Page_1-707x1000-1.jpeg","jetpack_sharing_enabled":true,"jetpack_likes_enabled":true,"_links":{"self":[{"href":"https:\/\/tcreims.com\/index.php?rest_route=\/wp\/v2\/posts\/7899","targetHints":{"allow":["GET"]}}],"collection":[{"href":"https:\/\/tcreims.com\/index.php?rest_route=\/wp\/v2\/posts"}],"about":[{"href":"https:\/\/tcreims.com\/index.php?rest_route=\/wp\/v2\/types\/post"}],"author":[{"embeddable":true,"href":"https:\/\/tcreims.com\/index.php?rest_route=\/wp\/v2\/users\/3"}],"replies":[{"embeddable":true,"href":"https:\/\/tcreims.com\/index.php?rest_route=%2Fwp%2Fv2%2Fcomments&post=7899"}],"version-history":[{"count":6,"href":"https:\/\/tcreims.com\/index.php?rest_route=\/wp\/v2\/posts\/7899\/revisions"}],"predecessor-version":[{"id":7962,"href":"https:\/\/tcreims.com\/index.php?rest_route=\/wp\/v2\/posts\/7899\/revisions\/7962"}],"wp:featuredmedia":[{"embeddable":true,"href":"https:\/\/tcreims.com\/index.php?rest_route=\/wp\/v2\/media\/7900"}],"wp:attachment":[{"href":"https:\/\/tcreims.com\/index.php?rest_route=%2Fwp%2Fv2%2Fmedia&parent=7899"}],"wp:term":[{"taxonomy":"category","embeddable":true,"href":"https:\/\/tcreims.com\/index.php?rest_route=%2Fwp%2Fv2%2Fcategories&post=7899"},{"taxonomy":"post_tag","embeddable":true,"href":"https:\/\/tcreims.com\/index.php?rest_route=%2Fwp%2Fv2%2Ftags&post=7899"}],"curies":[{"name":"wp","href":"https:\/\/api.w.org\/{rel}","templated":true}]}}