{"id":7754,"date":"2025-05-28T15:42:26","date_gmt":"2025-05-28T13:42:26","guid":{"rendered":"https:\/\/tcreims.com\/?p=7754"},"modified":"2025-05-28T15:42:27","modified_gmt":"2025-05-28T13:42:27","slug":"21-juin-fete-de-lecole-de-tennis-et-fete-de-la-musique","status":"publish","type":"post","link":"https:\/\/tcreims.com\/?p=7754","title":{"rendered":"21 Juin : F\u00eate de l&rsquo;\u00e9cole de tennis et F\u00eate de la Musique"},"content":{"rendered":"\n<p>Nous esp\u00e9rons que vos enfants ont pass\u00e9 une excellente ann\u00e9e tennistique !&nbsp;<\/p>\n\n\n\n<p>Nous tenons \u00e0 vous informer que <strong>les derniers cours<\/strong> de l&rsquo;\u00e9cole de tennis auront lieu<strong> le mercredi 11 juin et le samedi 14 juin.<\/strong><\/p>\n\n\n\n<p>Pour cl\u00f4turer cette saison en beaut\u00e9 et c\u00e9l\u00e9brer la musique, le club vous invite \u00e0 faire la f\u00eate le <strong>Samedi 21 juin<\/strong>.&nbsp;<\/p>\n\n\n\n<h3 class=\"wp-block-heading has-primary-color has-text-color has-link-color wp-elements-232c06e2e68169f21e6a896a7dc61d86\"><strong>Au programme de cette journ\u00e9e festive :<\/strong><\/h3>\n\n\n\n<p><strong>Pour les petits et les grands :<\/strong><\/p>\n\n\n\n<h2 class=\"wp-block-heading has-highlight-color has-text-color has-link-color wp-elements-12a0e649558928b6a4cdefa071fc7133\"><strong>F\u00eate de l&rsquo;\u00e9cole de tennis : <\/strong>De 15h \u00e0 18h<\/h2>\n\n\n\n<p>&#8211; Journ\u00e9e portes ouvertes<\/p>\n\n\n\n<p>&#8211; Animations pour enfants<\/p>\n\n\n\n<p>&#8211; Stands cr\u00eapes, friandises, etc.<\/p>\n\n\n\n<h2 class=\"wp-block-heading has-highlight-color has-text-color has-link-color wp-elements-380f12f86bef32583601087dc23bb38e\"><strong>F\u00eate de la musique au TC Reims et au Court 1920 &#8211; Entr\u00e9e libre : <\/strong>De 19h \u00e0 minuit<\/h2>\n\n\n\n<p>&#8211; Musique live<\/p>\n\n\n\n<p>&#8211; Snacking sur place<\/p>\n\n\n\n<p>&#8211; Bar \u00e0 champagne<\/p>\n\n\n\n<p><em><strong>C&rsquo;est l&rsquo;occasion id\u00e9ale de faire d\u00e9couvrir le club \u00e0 vos amis !<\/strong><\/em><\/p>\n\n\n\n<p>Nous vous attendons nombreux pour partager ce moment convivial et musical <\/p>\n\n\n\n<figure class=\"wp-block-image size-large\"><img loading=\"lazy\" decoding=\"async\" width=\"700\" height=\"990\" src=\"https:\/\/tcreims.com\/wp-content\/uploads\/2025\/05\/Format-affiche_A4_soiree-21-juin-002-700x990.jpg\" alt=\"\" class=\"wp-image-7755\" srcset=\"https:\/\/tcreims.com\/wp-content\/uploads\/2025\/05\/Format-affiche_A4_soiree-21-juin-002-700x990.jpg 700w, https:\/\/tcreims.com\/wp-content\/uploads\/2025\/05\/Format-affiche_A4_soiree-21-juin-002-212x300.jpg 212w, https:\/\/tcreims.com\/wp-content\/uploads\/2025\/05\/Format-affiche_A4_soiree-21-juin-002-768x1086.jpg 768w, https:\/\/tcreims.com\/wp-content\/uploads\/2025\/05\/Format-affiche_A4_soiree-21-juin-002-600x849.jpg 600w, https:\/\/tcreims.com\/wp-content\/uploads\/2025\/05\/Format-affiche_A4_soiree-21-juin-002-1086x1536.jpg 1086w, https:\/\/tcreims.com\/wp-content\/uploads\/2025\/05\/Format-affiche_A4_soiree-21-juin-002-1448x2048.jpg 1448w, https:\/\/tcreims.com\/wp-content\/uploads\/2025\/05\/Format-affiche_A4_soiree-21-juin-002-scaled.jpg 1810w\" sizes=\"auto, (max-width: 700px) 100vw, 700px\" \/><\/figure>\n","protected":false},"excerpt":{"rendered":"<p>Nous esp\u00e9rons que vos enfants ont pass\u00e9 une excellente ann\u00e9e tennistique !&nbsp; Nous tenons \u00e0 vous informer que les derniers cours de l&rsquo;\u00e9cole de tennis auront lieu le mercredi 11 juin<\/p>\n","protected":false},"author":7,"featured_media":7755,"comment_status":"closed","ping_status":"closed","sticky":false,"template":"","format":"standard","meta":{"jetpack_post_was_ever_published":false,"_jetpack_newsletter_access":"","_jetpack_dont_email_post_to_subs":false,"_jetpack_newsletter_tier_id":0,"_jetpack_memberships_contains_paywalled_content":false,"_jetpack_memberships_contains_paid_content":false,"footnotes":"","jetpack_publicize_message":"","jetpack_publicize_feature_enabled":true,"jetpack_social_post_already_shared":true,"jetpack_social_options":{"image_generator_settings":{"template":"highway","default_image_id":0,"font":"","enabled":false},"version":2}},"categories":[7,8,19,35],"tags":[],"class_list":["post-7754","post","type-post","status-publish","format-standard","has-post-thumbnail","hentry","category-ecole-de-tennis","category-evenements","category-fetes","category-le-court-1920"],"jetpack_publicize_connections":[],"jetpack_featured_media_url":"https:\/\/tcreims.com\/wp-content\/uploads\/2025\/05\/Format-affiche_A4_soiree-21-juin-002-scaled.jpg","jetpack_sharing_enabled":true,"jetpack_likes_enabled":true,"_links":{"self":[{"href":"https:\/\/tcreims.com\/index.php?rest_route=\/wp\/v2\/posts\/7754","targetHints":{"allow":["GET"]}}],"collection":[{"href":"https:\/\/tcreims.com\/index.php?rest_route=\/wp\/v2\/posts"}],"about":[{"href":"https:\/\/tcreims.com\/index.php?rest_route=\/wp\/v2\/types\/post"}],"author":[{"embeddable":true,"href":"https:\/\/tcreims.com\/index.php?rest_route=\/wp\/v2\/users\/7"}],"replies":[{"embeddable":true,"href":"https:\/\/tcreims.com\/index.php?rest_route=%2Fwp%2Fv2%2Fcomments&post=7754"}],"version-history":[{"count":1,"href":"https:\/\/tcreims.com\/index.php?rest_route=\/wp\/v2\/posts\/7754\/revisions"}],"predecessor-version":[{"id":7756,"href":"https:\/\/tcreims.com\/index.php?rest_route=\/wp\/v2\/posts\/7754\/revisions\/7756"}],"wp:featuredmedia":[{"embeddable":true,"href":"https:\/\/tcreims.com\/index.php?rest_route=\/wp\/v2\/media\/7755"}],"wp:attachment":[{"href":"https:\/\/tcreims.com\/index.php?rest_route=%2Fwp%2Fv2%2Fmedia&parent=7754"}],"wp:term":[{"taxonomy":"category","embeddable":true,"href":"https:\/\/tcreims.com\/index.php?rest_route=%2Fwp%2Fv2%2Fcategories&post=7754"},{"taxonomy":"post_tag","embeddable":true,"href":"https:\/\/tcreims.com\/index.php?rest_route=%2Fwp%2Fv2%2Ftags&post=7754"}],"curies":[{"name":"wp","href":"https:\/\/api.w.org\/{rel}","templated":true}]}}