{"id":7590,"date":"2025-01-28T18:14:40","date_gmt":"2025-01-28T17:14:40","guid":{"rendered":"https:\/\/tcreims.com\/?p=7590"},"modified":"2025-02-01T11:22:39","modified_gmt":"2025-02-01T10:22:39","slug":"stages-vacances-de-fevrier-2","status":"publish","type":"post","link":"https:\/\/tcreims.com\/?p=7590","title":{"rendered":"Stages vacances de F\u00e9vrier"},"content":{"rendered":"\n<p>Chers parents,<\/p>\n\n\n\n<p><strong>Les vacances de F\u00e9vrier approchent \u00e0 grands pas et nos stages de tennis \u00e9galement.<\/strong><\/p>\n\n\n\n<p><strong>Semaine 1 : du 10 au 14 F\u00e9vrier 2025<\/strong><\/p>\n\n\n\n<p><strong>Stage Tennis-Anglais \u00e0 la journ\u00e9e en partenariat avec le centre de formation en langues *TAKE THE PLUNGE*.<\/strong><\/p>\n\n\n\n<figure class=\"wp-block-image\"><img decoding=\"async\" src=\"https:\/\/adoc.app.fft.fr\/adminupload\/temp\/55\/51\/0015\/ADOC_PJ\/31\/E6D5D1335E62ACA186D560DD46DEF125.jpg\" alt=\"\"\/><\/figure>\n\n\n\n<p><strong>Les journ\u00e9es se d\u00e9rouleront ainsi :<\/strong><\/p>\n\n\n\n<p class=\"has-tertiary-color has-text-color has-link-color wp-elements-8c14becfeb1055cf442f769e9694b427\"><strong>Enfants de 4 \u00e0 10 ans&nbsp;:<\/strong><\/p>\n\n\n\n<p><strong>9h00 &#8211; 9h30&nbsp;: Accueil possible dans les locaux de Take The Plunge pour les enfants qui ne sont pas d\u00e9pos\u00e9s directement au Tennis Club de Reims.<\/strong><\/p>\n\n\n\n<p><strong>9h40&nbsp;: D\u00e9part \u00e0 pied pour le Tennis Club de Reims.<\/strong><\/p>\n\n\n\n<p><strong>10h00 &#8211; 11h45&nbsp;: Tennis.<\/strong><\/p>\n\n\n\n<p><strong>12h00&nbsp;: Retour \u00e0 pied jusqu\u2019\u00e0 Take The Plunge.<\/strong><\/p>\n\n\n\n<p><strong>13h30 &#8211; 16h30&nbsp;: ateliers d\u2019anglais en mini-groupes.<\/strong><\/p>\n\n\n\n<p class=\"has-tertiary-color has-text-color has-link-color wp-elements-2a361935a396dcfa8dd730b1d755da99\"><strong>Coll\u00e9giens et lyc\u00e9ens&nbsp;:<\/strong><\/p>\n\n\n\n<p><strong>9h00 &#8211; 9h30&nbsp;: Accueil dans les locaux de Take The Plunge.<\/strong><\/p>\n\n\n\n<p><strong>9h30 &#8211; 12h30&nbsp;: Ateliers d\u2019anglais en mini-groupes.<\/strong><\/p>\n\n\n\n<p><strong>12h30&nbsp;: Pique-nique dans les locaux de Take The Plunge.<\/strong><\/p>\n\n\n\n<p><strong>13h30&nbsp;: D\u00e9part \u00e0 pied pour le Tennis Club de Reims.<\/strong><\/p>\n\n\n\n<p><strong>14h00 &#8211; 17h00&nbsp;: Tennis<\/strong><\/p>\n\n\n\n<p><strong>ANGLAIS&nbsp;: <\/strong>activit\u00e9s plaisantes et vari\u00e9es, bas\u00e9es sur la pratique orale, en toute bienveillance, encadr\u00e9es par des animatrices bilingues. 4 enfants minimum, 7 maximum, d\u2019\u00e2ges et de niveaux compatibles.<\/p>\n\n\n\n<p><strong>TENNIS&nbsp;: <\/strong>par niveau, encadr\u00e9 par des moniteurs certifi\u00e9s&nbsp;; possibilit\u00e9 de pr\u00eat de raquette.<\/p>\n\n\n\n<p>Il est aussi possible de ne faire que anglais ou tennis sur les \u00bd journ\u00e9es correspondantes.<\/p>\n\n\n\n<p><strong>Renseignements et inscriptions aupr\u00e8s de Take the plunge au 03.26.08.23.31 ou par mail \u00e0 : accueil@taketheplunge.fr<\/strong><\/p>\n\n\n\n<p>Fiche d&rsquo;inscription :<\/p>\n\n\n\n<p><a href=\"https:\/\/adoc.app.fft.fr\/adminupload\/temp\/55\/51\/0015\/ADOC_PJ\/31\/0218824014B9C790B454EF2DB4772162.pdf\">Fiche inscription stage anglais et tennis<\/a><\/p>\n\n\n\n<figure class=\"wp-block-image is-resized\"><img decoding=\"async\" src=\"https:\/\/adoc.app.fft.fr\/adminupload\/temp\/55\/51\/0015\/ADOC_PJ\/31\/0AC1356C0FCD75A6D3364E2FF5D54C8C.jpg\" alt=\"\" style=\"width:514px;height:auto\"\/><\/figure>\n\n\n\n<p><strong>Stage tennis uniquement :<\/strong><\/p>\n\n\n\n<p class=\"has-secondary-color has-text-color has-link-color wp-elements-948d94b1c1f76fb92f16e2a3aa7c57e9\"><strong>Semaine 1 : du 10 au 14 f\u00e9vrier 2025<\/strong><\/p>\n\n\n\n<p>Stage Collectif :&nbsp; 120 \u20ac pour les<strong> 4 \u00e0 10 ans<\/strong><\/p>\n\n\n\n<p>&nbsp;&nbsp;&nbsp;&nbsp;&nbsp;&nbsp;&nbsp;&nbsp;&nbsp;&nbsp;&nbsp;&nbsp;&nbsp;&nbsp;&nbsp;&nbsp;&nbsp;&nbsp;&nbsp;&nbsp;&nbsp;&nbsp; &nbsp; &nbsp; 150 \u20ac pour les <strong>11 \u00e0 17 ans<\/strong><br><br><strong>Petite section \u00e0 CM2<\/strong> : 2h de tennis de 10 h \u00e0 12 h<\/p>\n\n\n\n<p><strong>De la 6\u00e8me \u00e0 la 1\u00e8re<\/strong> : 3h de tennis de 14 h \u00e0 17 h<\/p>\n\n\n\n<p class=\"has-secondary-color has-text-color has-link-color wp-elements-fab48ff0ea028e50ccaa39a382a92110\"><br><br><strong>Semaine 2 : du 17 au 21 f\u00e9vrier 2025<\/strong><\/p>\n\n\n\n<p><strong>Stage tennis uniquement<\/strong><\/p>\n\n\n\n<p><strong>Du CP au CM2<\/strong> : 2h de tennis de 10 h \u00e0 12 h : 120 \u20ac<\/p>\n\n\n\n<p><strong>De la 6\u00e8me \u00e0 la 1\u00e8re<\/strong> : 2h de tennis de 14 h \u00e0 16 h : 120 \u20ac<\/p>\n\n\n\n<p>Fiche d&rsquo;inscription :<\/p>\n\n\n\n<p><a href=\"https:\/\/adoc.app.fft.fr\/adminupload\/temp\/55\/51\/0015\/ADOC_PJ\/31\/E732C4323DD1E06AEE13CC93167C3731.pdf\">Fiche d&rsquo;inscription stages de f\u00e9vrier<\/a><br><br><strong>Les fiches d&rsquo;inscription pour le tennis sont \u00e0 nous retourner \u00e0 stages@tcreims.com<\/strong><br>R\u00e9servez vite vos places !<\/p>\n\n\n\n<p class=\"has-tertiary-color has-text-color has-link-color wp-elements-390835d4d17017510344c37bd4e8478c\"><strong><em>Ouvert \u00e0 tous les enfants membres du club ou non<\/em><\/strong><\/p>\n\n\n\n<p>Fiche d&rsquo;inscription :<\/p>\n\n\n\n<p><\/p>\n\n\n\n<p class=\"has-tertiary-color has-text-color has-link-color wp-elements-8180b331fe5871769926514478dd81f7\"><strong>Attention : en raison des travaux de la piscine l&rsquo;entr\u00e9e du club se fait par le 09 bd Pasteur <\/strong><\/p>\n\n\n\n<figure class=\"wp-block-image size-full is-resized\"><img loading=\"lazy\" decoding=\"async\" width=\"600\" height=\"200\" src=\"https:\/\/tcreims.com\/wp-content\/uploads\/2025\/01\/Votre-texte-de-paragraphe-En-tete-de-mail.jpg\" alt=\"\" class=\"wp-image-7587\" style=\"width:872px;height:auto\" srcset=\"https:\/\/tcreims.com\/wp-content\/uploads\/2025\/01\/Votre-texte-de-paragraphe-En-tete-de-mail.jpg 600w, https:\/\/tcreims.com\/wp-content\/uploads\/2025\/01\/Votre-texte-de-paragraphe-En-tete-de-mail-300x100.jpg 300w\" sizes=\"auto, (max-width: 600px) 100vw, 600px\" \/><\/figure>\n","protected":false},"excerpt":{"rendered":"<p>Chers parents, Les vacances de F\u00e9vrier approchent \u00e0 grands pas et nos stages de tennis \u00e9galement. Semaine 1 : du 10 au 14 F\u00e9vrier 2025 Stage Tennis-Anglais \u00e0 la journ\u00e9e en<\/p>\n","protected":false},"author":7,"featured_media":7587,"comment_status":"closed","ping_status":"closed","sticky":false,"template":"","format":"standard","meta":{"jetpack_post_was_ever_published":false,"_jetpack_newsletter_access":"","_jetpack_dont_email_post_to_subs":false,"_jetpack_newsletter_tier_id":0,"_jetpack_memberships_contains_paywalled_content":false,"_jetpack_memberships_contains_paid_content":false,"footnotes":"","jetpack_publicize_message":"","jetpack_publicize_feature_enabled":true,"jetpack_social_post_already_shared":true,"jetpack_social_options":{"image_generator_settings":{"template":"highway","default_image_id":0,"font":"","enabled":false},"version":2}},"categories":[14],"tags":[],"class_list":["post-7590","post","type-post","status-publish","format-standard","has-post-thumbnail","hentry","category-stages"],"jetpack_publicize_connections":[],"jetpack_featured_media_url":"https:\/\/tcreims.com\/wp-content\/uploads\/2025\/01\/Votre-texte-de-paragraphe-En-tete-de-mail.jpg","jetpack_sharing_enabled":true,"jetpack_likes_enabled":true,"_links":{"self":[{"href":"https:\/\/tcreims.com\/index.php?rest_route=\/wp\/v2\/posts\/7590","targetHints":{"allow":["GET"]}}],"collection":[{"href":"https:\/\/tcreims.com\/index.php?rest_route=\/wp\/v2\/posts"}],"about":[{"href":"https:\/\/tcreims.com\/index.php?rest_route=\/wp\/v2\/types\/post"}],"author":[{"embeddable":true,"href":"https:\/\/tcreims.com\/index.php?rest_route=\/wp\/v2\/users\/7"}],"replies":[{"embeddable":true,"href":"https:\/\/tcreims.com\/index.php?rest_route=%2Fwp%2Fv2%2Fcomments&post=7590"}],"version-history":[{"count":3,"href":"https:\/\/tcreims.com\/index.php?rest_route=\/wp\/v2\/posts\/7590\/revisions"}],"predecessor-version":[{"id":7595,"href":"https:\/\/tcreims.com\/index.php?rest_route=\/wp\/v2\/posts\/7590\/revisions\/7595"}],"wp:featuredmedia":[{"embeddable":true,"href":"https:\/\/tcreims.com\/index.php?rest_route=\/wp\/v2\/media\/7587"}],"wp:attachment":[{"href":"https:\/\/tcreims.com\/index.php?rest_route=%2Fwp%2Fv2%2Fmedia&parent=7590"}],"wp:term":[{"taxonomy":"category","embeddable":true,"href":"https:\/\/tcreims.com\/index.php?rest_route=%2Fwp%2Fv2%2Fcategories&post=7590"},{"taxonomy":"post_tag","embeddable":true,"href":"https:\/\/tcreims.com\/index.php?rest_route=%2Fwp%2Fv2%2Ftags&post=7590"}],"curies":[{"name":"wp","href":"https:\/\/api.w.org\/{rel}","templated":true}]}}