{"id":7216,"date":"2024-05-29T10:56:53","date_gmt":"2024-05-29T08:56:53","guid":{"rendered":"https:\/\/tcreims.com\/?p=7216"},"modified":"2024-05-30T17:12:56","modified_gmt":"2024-05-30T15:12:56","slug":"nouveau-ateliers-peinture-et-arts-plastiques-pour-petits-et-grands-au-court-1920","status":"publish","type":"post","link":"https:\/\/tcreims.com\/?p=7216","title":{"rendered":"Nouveau : Ateliers Peinture et Arts plastiques pour petits et grands au Court 1920"},"content":{"rendered":"\n<h4 class=\"wp-block-heading\">Atelier Aquarelle <\/h4>\n\n\n\n<p>Venez vous initier \u00e0 l&rsquo;aquarelle le temps d&rsquo;une pause gourmande et artistique.<\/p>\n\n\n\n<p><strong>Quand ?<\/strong><\/p>\n\n\n\n<ul class=\"wp-block-list\">\n<li>Tous les vendredis de 14h30 \u00e0 16h30<\/li>\n<\/ul>\n\n\n\n<p><strong>Tarif :<\/strong><\/p>\n\n\n\n<ul class=\"wp-block-list\">\n<li>45 euros avec th\u00e9 ou caf\u00e9 gourmand<\/li>\n<\/ul>\n\n\n\n<p><strong>Contact :<\/strong><\/p>\n\n\n\n<ul class=\"wp-block-list\">\n<li>R\u00e9servez d\u00e8s maintenant au 06 68 27 56 42<\/li>\n<\/ul>\n\n\n\n<p>Prenez un moment pour vous d\u00e9tendre et exprimer votre cr\u00e9ativit\u00e9 avec nous !<\/p>\n\n\n\n<hr class=\"wp-block-separator has-alpha-channel-opacity\"\/>\n\n\n\n<h4 class=\"wp-block-heading\">Atelier Duo<\/h4>\n\n\n\n<p><strong>Au Court 1920 : Atelier Duo<\/strong> Lib\u00e9rez votre cr\u00e9ativit\u00e9 en famille le temps d&rsquo;une pause artistique privil\u00e9gi\u00e9e.<\/p>\n\n\n\n<p><strong>Quand ?<\/strong><\/p>\n\n\n\n<ul class=\"wp-block-list\">\n<li>Les samedis du mois de juin<\/li>\n<\/ul>\n\n\n\n<p><strong>Programme :<\/strong><\/p>\n\n\n\n<ul class=\"wp-block-list\">\n<li>9h00 \u00e0 10h00 : Peinture pour les enfants de 3 \u00e0 4 ans\n<ul class=\"wp-block-list\">\n<li>Tarif : <strong>35 euros<\/strong><\/li>\n<\/ul>\n<\/li>\n\n\n\n<li>10h00 \u00e0 11h30 : Arts plastiques pour les enfants de 5 ans et plus\n<ul class=\"wp-block-list\">\n<li>Tarif : <strong>40 euros<\/strong><\/li>\n<\/ul>\n<\/li>\n<\/ul>\n\n\n\n<p><strong>Activit\u00e9s :<\/strong><\/p>\n\n\n\n<ul class=\"wp-block-list\">\n<li>Moment artistique suivi d&rsquo;une pause gourmande (petit-d\u00e9jeuner)<\/li>\n<\/ul>\n\n\n\n<p><strong>Contact :<\/strong><\/p>\n\n\n\n<ul class=\"wp-block-list\">\n<li>R\u00e9servation indispensable au 06 68 27 56 42<\/li>\n<\/ul>\n\n\n\n<p>Venez partager un moment unique et cr\u00e9atif avec votre enfant !<\/p>\n\n\n\n<hr class=\"wp-block-separator has-alpha-channel-opacity\"\/>\n\n\n\n<p>Pour plus d&rsquo;informations, n&rsquo;h\u00e9sitez pas \u00e0 nous contacter.<\/p>\n\n\n\n<p>Nous avons h\u00e2te de vous accueillir et de partager avec vous ces moments artistiques et gourmands.<\/p>\n\n\n\n<figure class=\"wp-block-gallery has-nested-images columns-default is-cropped wp-block-gallery-1 is-layout-flex wp-block-gallery-is-layout-flex\">\n<figure class=\"wp-block-image size-large\"><img loading=\"lazy\" decoding=\"async\" width=\"700\" height=\"991\" data-id=\"7220\" src=\"https:\/\/tcreims.com\/wp-content\/uploads\/2024\/05\/Atelier-enfants-1-700x991.jpg\" alt=\"\" class=\"wp-image-7220\" srcset=\"https:\/\/tcreims.com\/wp-content\/uploads\/2024\/05\/Atelier-enfants-1-700x991.jpg 700w, https:\/\/tcreims.com\/wp-content\/uploads\/2024\/05\/Atelier-enfants-1-212x300.jpg 212w, https:\/\/tcreims.com\/wp-content\/uploads\/2024\/05\/Atelier-enfants-1-768x1087.jpg 768w, https:\/\/tcreims.com\/wp-content\/uploads\/2024\/05\/Atelier-enfants-1-600x849.jpg 600w, https:\/\/tcreims.com\/wp-content\/uploads\/2024\/05\/Atelier-enfants-1-1085x1536.jpg 1085w, https:\/\/tcreims.com\/wp-content\/uploads\/2024\/05\/Atelier-enfants-1.jpg 1447w\" sizes=\"auto, (max-width: 700px) 100vw, 700px\" \/><\/figure>\n\n\n\n<figure class=\"wp-block-image size-large\"><img loading=\"lazy\" decoding=\"async\" width=\"700\" height=\"1244\" data-id=\"7219\" src=\"https:\/\/tcreims.com\/wp-content\/uploads\/2024\/05\/Atelier-Adultes-1-700x1244.jpg\" alt=\"\" class=\"wp-image-7219\" srcset=\"https:\/\/tcreims.com\/wp-content\/uploads\/2024\/05\/Atelier-Adultes-1-700x1244.jpg 700w, https:\/\/tcreims.com\/wp-content\/uploads\/2024\/05\/Atelier-Adultes-1-169x300.jpg 169w, https:\/\/tcreims.com\/wp-content\/uploads\/2024\/05\/Atelier-Adultes-1-768x1365.jpg 768w, https:\/\/tcreims.com\/wp-content\/uploads\/2024\/05\/Atelier-Adultes-1-600x1067.jpg 600w, https:\/\/tcreims.com\/wp-content\/uploads\/2024\/05\/Atelier-Adultes-1-864x1536.jpg 864w, https:\/\/tcreims.com\/wp-content\/uploads\/2024\/05\/Atelier-Adultes-1.jpg 1080w\" sizes=\"auto, (max-width: 700px) 100vw, 700px\" \/><\/figure>\n<\/figure>\n\n\n\n<p><\/p>\n","protected":false},"excerpt":{"rendered":"<p>Atelier Aquarelle Venez vous initier \u00e0 l&rsquo;aquarelle le temps d&rsquo;une pause gourmande et artistique. Quand ? Tarif : Contact : Prenez un moment pour vous d\u00e9tendre et exprimer votre cr\u00e9ativit\u00e9 avec<\/p>\n","protected":false},"author":7,"featured_media":7219,"comment_status":"closed","ping_status":"closed","sticky":false,"template":"","format":"standard","meta":{"jetpack_post_was_ever_published":false,"_jetpack_newsletter_access":"","_jetpack_dont_email_post_to_subs":false,"_jetpack_newsletter_tier_id":0,"_jetpack_memberships_contains_paywalled_content":false,"_jetpack_memberships_contains_paid_content":false,"footnotes":"","jetpack_publicize_message":"","jetpack_publicize_feature_enabled":true,"jetpack_social_post_already_shared":true,"jetpack_social_options":{"image_generator_settings":{"template":"highway","default_image_id":0,"font":"","enabled":false},"version":2}},"categories":[8],"tags":[],"class_list":["post-7216","post","type-post","status-publish","format-standard","has-post-thumbnail","hentry","category-evenements"],"jetpack_publicize_connections":[],"jetpack_featured_media_url":"https:\/\/tcreims.com\/wp-content\/uploads\/2024\/05\/Atelier-Adultes-1.jpg","jetpack_sharing_enabled":true,"jetpack_likes_enabled":true,"_links":{"self":[{"href":"https:\/\/tcreims.com\/index.php?rest_route=\/wp\/v2\/posts\/7216","targetHints":{"allow":["GET"]}}],"collection":[{"href":"https:\/\/tcreims.com\/index.php?rest_route=\/wp\/v2\/posts"}],"about":[{"href":"https:\/\/tcreims.com\/index.php?rest_route=\/wp\/v2\/types\/post"}],"author":[{"embeddable":true,"href":"https:\/\/tcreims.com\/index.php?rest_route=\/wp\/v2\/users\/7"}],"replies":[{"embeddable":true,"href":"https:\/\/tcreims.com\/index.php?rest_route=%2Fwp%2Fv2%2Fcomments&post=7216"}],"version-history":[{"count":2,"href":"https:\/\/tcreims.com\/index.php?rest_route=\/wp\/v2\/posts\/7216\/revisions"}],"predecessor-version":[{"id":7279,"href":"https:\/\/tcreims.com\/index.php?rest_route=\/wp\/v2\/posts\/7216\/revisions\/7279"}],"wp:featuredmedia":[{"embeddable":true,"href":"https:\/\/tcreims.com\/index.php?rest_route=\/wp\/v2\/media\/7219"}],"wp:attachment":[{"href":"https:\/\/tcreims.com\/index.php?rest_route=%2Fwp%2Fv2%2Fmedia&parent=7216"}],"wp:term":[{"taxonomy":"category","embeddable":true,"href":"https:\/\/tcreims.com\/index.php?rest_route=%2Fwp%2Fv2%2Fcategories&post=7216"},{"taxonomy":"post_tag","embeddable":true,"href":"https:\/\/tcreims.com\/index.php?rest_route=%2Fwp%2Fv2%2Ftags&post=7216"}],"curies":[{"name":"wp","href":"https:\/\/api.w.org\/{rel}","templated":true}]}}