{"id":6879,"date":"2023-11-23T20:26:43","date_gmt":"2023-11-23T19:26:43","guid":{"rendered":"https:\/\/tcreims.com\/?p=6879"},"modified":"2023-11-23T20:26:45","modified_gmt":"2023-11-23T19:26:45","slug":"nouvelle-association-le-court-1920","status":"publish","type":"post","link":"https:\/\/tcreims.com\/?p=6879","title":{"rendered":"Nouvelle Association \u00ab\u00a0Le Court 1920\u00a0\u00bb"},"content":{"rendered":"\n<p>Chers adh\u00e9rents, chers parents,<\/p>\n\n\n\n<p>Suite \u00e0 l&rsquo;assembl\u00e9e g\u00e9n\u00e9rale extraordinaire du vendredi 17 novembre 2023, au cours de laquelle les nouveaux statuts du TCR ont \u00e9t\u00e9 vot\u00e9s ainsi que l&rsquo;acquisition du fonds de commerce du restaurant \u00ab\u00a0Le Court 1920\u00a0\u00bb, nous sommes ravis de vous annoncer la naissance imminente de<strong> notre nouvelle association, \u00ab\u00a0Le Court 1920\u00a0\u00bb.<\/strong><\/p>\n\n\n\n<p>Cette nouvelle entit\u00e9 sera \u00e9troitement affili\u00e9e \u00e0 notre association principale, le \u00ab\u00a0Tennis Club de Reims\u00a0\u00bb, et sera plac\u00e9e sous la direction du m\u00eame Pr\u00e9sident et du m\u00eame Tr\u00e9sorier.<\/p>\n\n\n\n<p>Plus \u00e9pur\u00e9e dans sa structure, elle ne comportera pas de Comit\u00e9. Seul un secr\u00e9taire g\u00e9n\u00e9ral et un vice-pr\u00e9sident seront \u00e9lus dans un futur proche.<\/p>\n\n\n\n<p>Afin de pouvoir participer aux prochaines Assembl\u00e9es G\u00e9n\u00e9rales et aux diff\u00e9rents votes (statuts, bureau, fonctionnement, etc.), il vous suffit de devenir adh\u00e9rent en remplissant le formulaire d&rsquo;adh\u00e9sion ci-joint et en optant pour la cotisation de votre choix : cotisation symbolique de 1 \u20ac ou cotisation bienfaiteur avec un montant libre.<\/p>\n\n\n\n<p>Les cotisations peuvent \u00eatre r\u00e9gl\u00e9es directement en ligne via le compte Asso : https:\/\/www.helloasso.com\/associations\/tennis-club-de-reims\/adhesions\/association-le-court-1920<\/p>\n\n\n\n<p>ou par carte bancaire, ch\u00e8que ou esp\u00e8ces aupr\u00e8s du secr\u00e9tariat.<\/p>\n\n\n\n<p>Une attestation d\u2019adh\u00e9sion vous sera remise \u00e0 l\u2019issue de votre r\u00e8glement.<\/p>\n\n\n\n<p>Vous recevrez prochainement une convocation pour<strong> l&rsquo;assembl\u00e9e g\u00e9n\u00e9rale constitutive <\/strong>qui aura lieu <strong>le vendredi 08 d\u00e9cembre 2023 \u00e0 19 h<\/strong> au TC Reims, au cours de laquelle vous serez invit\u00e9s \u00e0 participer aux votes concernant les statuts, et l\u2019\u00e9lection des vice-pr\u00e9sident et secr\u00e9taire g\u00e9n\u00e9ral.<\/p>\n\n\n\n<p class=\"has-tertiary-color has-text-color\"><strong>Nous avons besoin de votre engagement pour que notre nouvelle association voie le jour et pour initier rapidement une nouvelle aventure en faveur de la prosp\u00e9rit\u00e9 de notre club !<\/strong><\/p>\n\n\n\n<p>Cordialement,<\/p>\n\n\n\n<p><strong><em>Le Pr\u00e9sident,<\/em><\/strong><\/p>\n\n\n\n<p><strong><em>Julien FAUQUENOY<\/em><\/strong><\/p>\n\n\n\n<p><a href=\"https:\/\/adoc.app.fft.fr\/adminupload\/temp\/55\/51\/0015\/ADOC_PJ\/31\/6CA47CF7C7570B7D6461186BC1BD508C.pdf\">Bulletin d&rsquo;adh\u00e9sion Association \u00ab\u00a0Le Court 1920\u00a0\u00bb<\/a><\/p>\n\n\n\n<div class=\"wp-block-file\"><a id=\"wp-block-file--media-a94f27ae-90f5-4664-aa0d-5547b2fc8dcb\" href=\"https:\/\/tcreims.com\/wp-content\/uploads\/2023\/11\/Bulletin-adhesion-Le-Court-1920-word-remplissable-1.docx\">Bulletin-adhesion-Le-Court-1920-word-remplissable-1<\/a><a href=\"https:\/\/tcreims.com\/wp-content\/uploads\/2023\/11\/Bulletin-adhesion-Le-Court-1920-word-remplissable-1.docx\" class=\"wp-block-file__button wp-element-button\" download aria-describedby=\"wp-block-file--media-a94f27ae-90f5-4664-aa0d-5547b2fc8dcb\">T\u00e9l\u00e9charger<\/a><\/div>\n","protected":false},"excerpt":{"rendered":"<p>Chers adh\u00e9rents, chers parents, Suite \u00e0 l&rsquo;assembl\u00e9e g\u00e9n\u00e9rale extraordinaire du vendredi 17 novembre 2023, au cours de laquelle les nouveaux statuts du TCR ont \u00e9t\u00e9 vot\u00e9s ainsi que l&rsquo;acquisition du fonds<\/p>\n","protected":false},"author":7,"featured_media":6883,"comment_status":"closed","ping_status":"closed","sticky":false,"template":"","format":"standard","meta":{"jetpack_post_was_ever_published":false,"_jetpack_newsletter_access":"","_jetpack_dont_email_post_to_subs":false,"_jetpack_newsletter_tier_id":0,"_jetpack_memberships_contains_paywalled_content":false,"_jetpack_memberships_contains_paid_content":false,"footnotes":"","jetpack_publicize_message":"","jetpack_publicize_feature_enabled":true,"jetpack_social_post_already_shared":true,"jetpack_social_options":{"image_generator_settings":{"template":"highway","default_image_id":0,"font":"","enabled":false},"version":2}},"categories":[9,21],"tags":[],"class_list":["post-6879","post","type-post","status-publish","format-standard","has-post-thumbnail","hentry","category-infos","category-informations-generales"],"jetpack_publicize_connections":[],"jetpack_featured_media_url":"https:\/\/tcreims.com\/wp-content\/uploads\/2023\/11\/le-court-e1494600624792-1.png","jetpack_sharing_enabled":true,"jetpack_likes_enabled":true,"_links":{"self":[{"href":"https:\/\/tcreims.com\/index.php?rest_route=\/wp\/v2\/posts\/6879","targetHints":{"allow":["GET"]}}],"collection":[{"href":"https:\/\/tcreims.com\/index.php?rest_route=\/wp\/v2\/posts"}],"about":[{"href":"https:\/\/tcreims.com\/index.php?rest_route=\/wp\/v2\/types\/post"}],"author":[{"embeddable":true,"href":"https:\/\/tcreims.com\/index.php?rest_route=\/wp\/v2\/users\/7"}],"replies":[{"embeddable":true,"href":"https:\/\/tcreims.com\/index.php?rest_route=%2Fwp%2Fv2%2Fcomments&post=6879"}],"version-history":[{"count":1,"href":"https:\/\/tcreims.com\/index.php?rest_route=\/wp\/v2\/posts\/6879\/revisions"}],"predecessor-version":[{"id":6884,"href":"https:\/\/tcreims.com\/index.php?rest_route=\/wp\/v2\/posts\/6879\/revisions\/6884"}],"wp:featuredmedia":[{"embeddable":true,"href":"https:\/\/tcreims.com\/index.php?rest_route=\/wp\/v2\/media\/6883"}],"wp:attachment":[{"href":"https:\/\/tcreims.com\/index.php?rest_route=%2Fwp%2Fv2%2Fmedia&parent=6879"}],"wp:term":[{"taxonomy":"category","embeddable":true,"href":"https:\/\/tcreims.com\/index.php?rest_route=%2Fwp%2Fv2%2Fcategories&post=6879"},{"taxonomy":"post_tag","embeddable":true,"href":"https:\/\/tcreims.com\/index.php?rest_route=%2Fwp%2Fv2%2Ftags&post=6879"}],"curies":[{"name":"wp","href":"https:\/\/api.w.org\/{rel}","templated":true}]}}