{"id":5725,"date":"2023-04-07T08:31:00","date_gmt":"2023-04-07T06:31:00","guid":{"rendered":"https:\/\/tcreims.com\/?p=5725"},"modified":"2025-11-26T17:22:42","modified_gmt":"2025-11-26T16:22:42","slug":"agnda-art-deco-de-reims-et-du-grand-est","status":"publish","type":"post","link":"https:\/\/tcreims.com\/?p=5725","title":{"rendered":"L&rsquo;Art D\u00e9co au Tennis Club de Reims"},"content":{"rendered":"\n<h4 class=\"wp-block-heading has-text-align-left\"><strong>Vendredi 28 avril 2023 \u00e0 19h 15 au Club-House<\/strong> <\/h4>\n\n\n\n<p class=\"has-text-align-left\"><strong>L&rsquo;association Art D\u00e9co de Reims et du Grand Est organise une conf\u00e9rence avec projection <strong>par Laurent Antoine<\/strong>, <strong>\u00e0 l\u2019occasion de la 3\u00e8me Journ\u00e9e Mondiale de l\u2019Art D\u00e9co<\/strong><\/strong> dans le cadre de l&rsquo; <strong>ICADS<\/strong> (International Coalition of Art Deco Societies)  (<a rel=\"noreferrer noopener\" href=\"http:\/\/www.paris-artdeco.org\/?page_id=1608\" target=\"_blank\">http:\/\/www.paris-artdeco.org\/?page_id=1608<\/a>)  <\/p>\n\n\n\n<h2 class=\"wp-block-heading has-text-align-left has-text-color\" style=\"color:#1c733d\"><strong>\u00ab 100 ans \u2013 La Piscine Art D\u00e9co du Tennis-Club de Reims \u00bb<\/strong>  <\/h2>\n\n\n\n<p><strong>Renseignements et r\u00e9servation <\/strong>(et aussi pour le d\u00eener Art D\u00e9co \u00e0 21h)<strong> : <\/strong><br><strong>T\u00e9l. 06 09 22 45 99 \/ <\/strong><a href=\"mailto:danielle.fancony@orange.fr\">danielle.fancony@orange.fr<\/a> &#8211; <a href=\"https:\/\/artdeco-reims.fr\/download\/Newsletter_n008_2023_Mars_Avril.pdf\"><strong>T\u00e9l\u00e9charger la Newsletter de l&rsquo;association <\/strong><\/a><\/p>\n\n\n\n<p class=\"has-text-align-left\"><em><strong>Si vous voulez connaitre l&rsquo;Agenda Art D\u00e9co de cette association qui coop\u00e8re depuis 3 ans avec le TCR,<\/strong> <strong>voir en bas de cette page les dates pr\u00e9vues au TCReims et ailleurs. <\/strong><\/em><\/p>\n\n\n<div class=\"wp-block-image\">\n<figure class=\"alignright size-full\"><img loading=\"lazy\" decoding=\"async\" width=\"283\" height=\"644\" src=\"https:\/\/tcreims.com\/wp-content\/uploads\/2023\/04\/1.jpg\" alt=\"\" class=\"wp-image-5749\" srcset=\"https:\/\/tcreims.com\/wp-content\/uploads\/2023\/04\/1.jpg 283w, https:\/\/tcreims.com\/wp-content\/uploads\/2023\/04\/1-132x300.jpg 132w\" sizes=\"auto, (max-width: 283px) 100vw, 283px\" \/><\/figure><\/div>\n\n\n<p class=\"has-text-align-left has-text-color\" style=\"color:#1c733d\"><strong>Petit rappel pour le Centenaire de l&rsquo;inauguration du club, <\/strong><br><strong>\u00ab\u00a0l&rsquo;Art D\u00e9co\u00a0\u00bb et le r\u00f4le de Melchior de Polignac avant 1930<\/strong><\/p>\n\n\n\n<p>\u00c0 la fin de la Premi\u00e8re Guerre Mondiale, au moment crucial de l&rsquo;entr\u00e9e en guerre des Am\u00e9ricains en 1916-17, <strong>Melchior de Polignac (1880-1950), le grand patron de la Maison Pommery<\/strong>, a \u00e9t\u00e9 envoy\u00e9 deux fois aux \u00c9tats-Unis\u00a0par le gouvernement fran\u00e7ais pour faire de la propagande patriotique, culturelle et artistique ; il y \u00e9pousera avant son retour en France, d\u00e9but 1918, une aristocrate am\u00e9ricaine avant de terminer la guerre comme officier interpr\u00e8te.<\/p>\n\n\n\n<p>Il a particip\u00e9 d&rsquo;abord \u00e0 une <strong>\u00ab\u00a0Maison de la Presse\u00a0\u00bb<\/strong> puis,<strong> en avril 1917<\/strong>,\u00a0il est recrut\u00e9 par le d\u00e9j\u00e0 c\u00e9l\u00e8bre <strong>Andr\u00e9 Tardieu<\/strong> (1876-1939-mort en 1945), diplomate et grand journaliste, pour travailler \u00e0 nouveau \u00e0 Washington dans le <strong>Haut-Commissariat de France aux \u00c9tats-Unis, avec pour mission de \u00ab\u00a0faire connaitre les artistes et les productions artistiques\u00a0\u00bb. <\/strong>Il est probable que cette importante d\u00e9l\u00e9gation fran\u00e7aise, \u00e9conomique, tr\u00e8s logistique mais aussi culturelle, a jou\u00e9 un\u00a0<strong>r\u00f4le dans la diffusion en Am\u00e9rique <\/strong>de tout ce<strong> <\/strong>qui va \u00eatre reconnu, pendant la <strong>grande expo parisienne <\/strong>qui se tiendra enfin en 1925, <strong>sous le vocable \u00ab\u00a0Art D\u00e9co\u00a0\u00bb.<\/strong><\/p>\n\n\n\n<p>Les<strong> retomb\u00e9es de cette in\u00e9dite et efficace collaboration franco-am\u00e9ricaine<\/strong> <strong>de<\/strong> <strong>1917<\/strong>, effort de guerre transatlantique, r\u00e9clam\u00e9 et pilot\u00e9 par Tardieu, expliquent en bonne partie le retentissement politique et symbolique de<strong> l&rsquo;inauguration, d\u00e8s septembre 1923, du Tennis Club de Reims que Melchior a cr\u00e9\u00e9 et fait construire avec son cousin Maxence \u00e0 partir de 1920-21<\/strong> ; projet r\u00e9alis\u00e9 gr\u00e2ce \u00e0 un don de <strong>Anne Morgan et du CARD<\/strong> \u00a0\u00bb Comit\u00e9 Am\u00e9ricain pour les R\u00e9gions D\u00e9vast\u00e9es \u00ab\u00a0, don exceptionnel dans le d\u00e9partement de la Marne et qui a \u00e9t\u00e9 relay\u00e9 et augment\u00e9 par <strong>le m\u00e9c\u00e9nat d&rsquo;une quarantaine de familles r\u00e9moises.<\/strong> <a href=\"https:\/\/tcreims.com\/wp-content\/uploads\/2017\/05\/P1170067b.jpg\" target=\"_blank\" rel=\"noreferrer noopener\">Cliquer ici pour lire l\u2019inscription<\/a><\/p>\n\n\n<div class=\"wp-block-image\">\n<figure class=\"alignright size-large is-resized\"><img loading=\"lazy\" decoding=\"async\" width=\"700\" height=\"927\" src=\"https:\/\/tcreims.com\/wp-content\/uploads\/2023\/04\/2-700x927.jpg\" alt=\"\" class=\"wp-image-5753\" style=\"width:283px;height:375px\" srcset=\"https:\/\/tcreims.com\/wp-content\/uploads\/2023\/04\/2-700x927.jpg 700w, https:\/\/tcreims.com\/wp-content\/uploads\/2023\/04\/2-227x300.jpg 227w, https:\/\/tcreims.com\/wp-content\/uploads\/2023\/04\/2-768x1017.jpg 768w, https:\/\/tcreims.com\/wp-content\/uploads\/2023\/04\/2-600x794.jpg 600w, https:\/\/tcreims.com\/wp-content\/uploads\/2023\/04\/2-1160x1536.jpg 1160w, https:\/\/tcreims.com\/wp-content\/uploads\/2023\/04\/2.jpg 1511w\" sizes=\"auto, (max-width: 700px) 100vw, 700px\" \/><\/figure><\/div>\n\n\n<p>C&rsquo;est<strong> <\/strong>l&rsquo;alors <strong>d\u00e9put\u00e9 en campagne Andr\u00e9 Tardieu<\/strong>, qui en 1919-20 \u00e9tait devenu le sherpa de Clemenceau et le n\u00e9gociateur fran\u00e7ais du Trait\u00e9 de Versailles, <strong>qui pr\u00e9side cette inauguration du TCReims, \u00e9v\u00e8nement <\/strong>politique, sportif (proches JO de 1924 \u00e0 Paris, d\u00e9buts de la FFT, Coupe Davis&#8230;) et mondain, en compagnie d&rsquo;<strong>Anne Morgan<\/strong> (1873-1952)<strong> et de Anne Murray-Dike <\/strong>(1878-1929)<strong> au nom du CARD ; ces deux militantes f\u00e9ministes et francophiles <\/strong>ont men\u00e9 de fortes actions humanitaires pendant la guerre et participent \u00e0 la<strong> Reconstruction des \u00ab\u00a0R\u00e9gions Lib\u00e9r\u00e9es\u00a0\u00bb,<\/strong> surtout en milieu rural. Elles terminent un petit p\u00e9riple m\u00e9moriel dans l&rsquo;Oise, l&rsquo;Aisne,\u00a0leur ch\u00e2teau de Bl\u00e9rancourt et le Chemin des Dames par un tr\u00e8s symbolique<strong> \u00ab\u00a0voyage \u00e0 Reims\u00a0\u00bb qui marque, le dimanche 21 septembre 1923, la premi\u00e8re \u00e9tape<\/strong> architecturale, bien avant celles de la biblioth\u00e8que Carnegie, de l\u2019H\u00f4pital am\u00e9ricain et de la cath\u00e9drale, <strong>de l&rsquo;aide am\u00e9ricaine pour la Reconstruction de la\u00a0Ville martyre.<\/strong> C&rsquo;est aussi un <strong>hommage rendu au CARD<\/strong> dont le mission officielle avec le gouvernement fran\u00e7ais se termine alors.<\/p>\n\n\n\n<p>Sportman et <strong>promoteur patriotique de l&rsquo;Olympisme <\/strong>de son ami Coubertin, Melchior de Polignac avait re\u00e7u en <strong>1912 <\/strong>dans son tout nouveau Parc Pommery les athl\u00e8tes des \u00c9tats Unis d&rsquo;Am\u00e9rique apr\u00e8s leurs victoires \u00e0 Stockholm ; <strong>son agenda d&rsquo;apr\u00e8s guerre <\/strong>est tourn\u00e9 vers les<strong> JO de Paris de 1924.<\/strong> La Soci\u00e9t\u00e9 G\u00e9n\u00e9rale Coop\u00e9rative de Reconstruction de Reims qu&rsquo;il pr\u00e9side aussi <strong>depuis 1919 compte 2700 adh\u00e9rents en 1923<\/strong>. Il fonde aussi <strong>d\u00e8s 1919 un \u00ab\u00a0Accueil Franco-Allemand\u00a0\u00bb,<\/strong> association dont on ne sait presque rien, si ce n&rsquo;est qu&rsquo;elle est cr\u00e9\u00e9e avec son ami et alors journaliste Fernand de Brinon, peut-\u00eatre pour promouvoir alors des <strong>relations pacifistes <\/strong>dans le cadre de la Reconstruction et, \u00e0 Reims, une forme d&rsquo; entre-aide similaire \u00e0 l\u2019\u0153uvre du \u00ab\u00a0Retour \u00e0 Reims\u00a0\u00bb organis\u00e9e par la famille de Mun. C&rsquo;est dans <strong>les ann\u00e9es 1930<\/strong> et dans son milieu \u00e9conomique et politico-culturel, en particulier en commer\u00e7ant avec J. Ribbentrop, que Melchior de Polignac se tourne politiquement vers la Nouvelle Allemagne. (JJV, TCR et Collectif Rha-Reims histoire arch\u00e9ologie).<\/p>\n\n\n<div class=\"wp-block-image\">\n<figure class=\"aligncenter size-large is-resized\"><img loading=\"lazy\" decoding=\"async\" width=\"700\" height=\"990\" src=\"https:\/\/tcreims.com\/wp-content\/uploads\/2023\/04\/Newsletter_n008_2023_Mars_12-700x990.jpg\" alt=\"\" class=\"wp-image-5775 ml-lightbox-enabled\" style=\"width:908px;height:1285px\" srcset=\"https:\/\/tcreims.com\/wp-content\/uploads\/2023\/04\/Newsletter_n008_2023_Mars_12-700x990.jpg 700w, https:\/\/tcreims.com\/wp-content\/uploads\/2023\/04\/Newsletter_n008_2023_Mars_12-212x300.jpg 212w, https:\/\/tcreims.com\/wp-content\/uploads\/2023\/04\/Newsletter_n008_2023_Mars_12-768x1086.jpg 768w, https:\/\/tcreims.com\/wp-content\/uploads\/2023\/04\/Newsletter_n008_2023_Mars_12-600x849.jpg 600w, https:\/\/tcreims.com\/wp-content\/uploads\/2023\/04\/Newsletter_n008_2023_Mars_12-1086x1536.jpg 1086w, https:\/\/tcreims.com\/wp-content\/uploads\/2023\/04\/Newsletter_n008_2023_Mars_12.jpg 1200w\" sizes=\"auto, (max-width: 700px) 100vw, 700px\" \/><\/figure><\/div>","protected":false},"excerpt":{"rendered":"<p>Vendredi 28 avril 2023 \u00e0 19h 15 au Club-House L&rsquo;association Art D\u00e9co de Reims et du Grand Est organise une conf\u00e9rence avec projection par Laurent Antoine, \u00e0 l\u2019occasion de la 3\u00e8me<\/p>\n","protected":false},"author":3,"featured_media":5787,"comment_status":"closed","ping_status":"closed","sticky":false,"template":"","format":"standard","meta":{"jetpack_post_was_ever_published":false,"_jetpack_newsletter_access":"","_jetpack_dont_email_post_to_subs":false,"_jetpack_newsletter_tier_id":0,"_jetpack_memberships_contains_paywalled_content":false,"_jetpack_memberships_contains_paid_content":false,"footnotes":"","jetpack_publicize_message":"","jetpack_publicize_feature_enabled":true,"jetpack_social_post_already_shared":true,"jetpack_social_options":{"image_generator_settings":{"template":"highway","default_image_id":0,"font":"","enabled":false},"version":2}},"categories":[8,20,25],"tags":[37,36],"class_list":["post-5725","post","type-post","status-publish","format-standard","has-post-thumbnail","hentry","category-evenements","category-la-presse","category-patrimoine","tag-anne-morgan","tag-tardieu"],"jetpack_publicize_connections":[],"jetpack_featured_media_url":"https:\/\/tcreims.com\/wp-content\/uploads\/2023\/08\/10.jpg","jetpack_sharing_enabled":true,"jetpack_likes_enabled":true,"_links":{"self":[{"href":"https:\/\/tcreims.com\/index.php?rest_route=\/wp\/v2\/posts\/5725","targetHints":{"allow":["GET"]}}],"collection":[{"href":"https:\/\/tcreims.com\/index.php?rest_route=\/wp\/v2\/posts"}],"about":[{"href":"https:\/\/tcreims.com\/index.php?rest_route=\/wp\/v2\/types\/post"}],"author":[{"embeddable":true,"href":"https:\/\/tcreims.com\/index.php?rest_route=\/wp\/v2\/users\/3"}],"replies":[{"embeddable":true,"href":"https:\/\/tcreims.com\/index.php?rest_route=%2Fwp%2Fv2%2Fcomments&post=5725"}],"version-history":[{"count":56,"href":"https:\/\/tcreims.com\/index.php?rest_route=\/wp\/v2\/posts\/5725\/revisions"}],"predecessor-version":[{"id":7934,"href":"https:\/\/tcreims.com\/index.php?rest_route=\/wp\/v2\/posts\/5725\/revisions\/7934"}],"wp:featuredmedia":[{"embeddable":true,"href":"https:\/\/tcreims.com\/index.php?rest_route=\/wp\/v2\/media\/5787"}],"wp:attachment":[{"href":"https:\/\/tcreims.com\/index.php?rest_route=%2Fwp%2Fv2%2Fmedia&parent=5725"}],"wp:term":[{"taxonomy":"category","embeddable":true,"href":"https:\/\/tcreims.com\/index.php?rest_route=%2Fwp%2Fv2%2Fcategories&post=5725"},{"taxonomy":"post_tag","embeddable":true,"href":"https:\/\/tcreims.com\/index.php?rest_route=%2Fwp%2Fv2%2Ftags&post=5725"}],"curies":[{"name":"wp","href":"https:\/\/api.w.org\/{rel}","templated":true}]}}