{"id":5160,"date":"2022-09-09T06:35:00","date_gmt":"2022-09-09T04:35:00","guid":{"rendered":"https:\/\/tcreims.com\/?p=5160"},"modified":"2022-10-09T11:28:03","modified_gmt":"2022-10-09T09:28:03","slug":"deux-week-end-a-ne-pas-manquer-au-tcr","status":"publish","type":"post","link":"https:\/\/tcreims.com\/?p=5160","title":{"rendered":"Deux week-end \u00e0 ne pas manquer au TCReims"},"content":{"rendered":"\n<h3 class=\"wp-block-heading\">Ce samedi 10 et dimanche 11 :  Journ\u00e9es Portes Ouvertes, accueil des nouveaux membres et tableau final du Tournoi d&rsquo;\u00e9t\u00e9<\/h3>\n\n\n\n<p>Voir le tableau et le programme du jour sur <a href=\"https:\/\/www.facebook.com\/tennisclubreims\" data-type=\"URL\" data-id=\"https:\/\/www.facebook.com\/tennisclubreims\">Facebook<\/a><\/p>\n\n\n<div class=\"wp-block-image\">\n<figure class=\"aligncenter size-large\"><img loading=\"lazy\" decoding=\"async\" width=\"700\" height=\"485\" src=\"https:\/\/tcreims.com\/wp-content\/uploads\/2022\/09\/AFFICHE_JEP22_40X60-1-700x485.jpg\" alt=\"\" class=\"wp-image-5161\" srcset=\"https:\/\/tcreims.com\/wp-content\/uploads\/2022\/09\/AFFICHE_JEP22_40X60-1-700x485.jpg 700w, https:\/\/tcreims.com\/wp-content\/uploads\/2022\/09\/AFFICHE_JEP22_40X60-1-300x208.jpg 300w, https:\/\/tcreims.com\/wp-content\/uploads\/2022\/09\/AFFICHE_JEP22_40X60-1-768x532.jpg 768w, https:\/\/tcreims.com\/wp-content\/uploads\/2022\/09\/AFFICHE_JEP22_40X60-1-600x416.jpg 600w, https:\/\/tcreims.com\/wp-content\/uploads\/2022\/09\/AFFICHE_JEP22_40X60-1-1536x1064.jpg 1536w, https:\/\/tcreims.com\/wp-content\/uploads\/2022\/09\/AFFICHE_JEP22_40X60-1.jpg 2000w\" sizes=\"auto, (max-width: 700px) 100vw, 700px\" \/><\/figure><\/div>\n\n\n<h3 class=\"wp-block-heading\">Samedi 17 et dimanche 18<br>Journ\u00e9es Europ\u00e9ennes du Patrimoine 2022 <\/h3>\n\n\n\n<div class=\"wp-block-dgwt-justified-gallery\"><div id='gallery-1' class='gallery galleryid-5160 gallery-columns-3 gallery-size-thumbnail'><figure class='gallery-item'>\n\t\t\t<div class='gallery-icon portrait'>\n\t\t\t\t<a href='https:\/\/tcreims.com\/?attachment_id=5165'><img loading=\"lazy\" decoding=\"async\" width=\"150\" height=\"150\" src=\"https:\/\/tcreims.com\/wp-content\/uploads\/2022\/09\/MT-VV-021-150x150.jpg\" class=\"attachment-thumbnail size-thumbnail\" alt=\"\" \/><\/a>\n\t\t\t<\/div><\/figure><figure class='gallery-item'>\n\t\t\t<div class='gallery-icon portrait'>\n\t\t\t\t<a href='https:\/\/tcreims.com\/?attachment_id=5166'><img loading=\"lazy\" decoding=\"async\" width=\"150\" height=\"150\" src=\"https:\/\/tcreims.com\/wp-content\/uploads\/2022\/09\/2022-09-09_134447-150x150.jpg\" class=\"attachment-thumbnail size-thumbnail\" alt=\"\" \/><\/a>\n\t\t\t<\/div><\/figure>\n\t\t<\/div>\n<\/div>\n\n\n\n<p>En plus des panneaux d&rsquo;exposition dans le club-house pour pr\u00e9senter <strong>la maquette des \u00ab\u00a0courts Redont\u00a0\u00bb<\/strong> d&rsquo;autres panneaux montrent <strong>la carri\u00e8re d&rsquo;architecte et d&rsquo;aviateur de Jacques Rapin<\/strong> pour accompagner la <strong>conf\u00e9rence de Laurent Antoine<\/strong> samedi 17 \u00e0 18h15.<br><strong>Le restaurant du club-house<\/strong> est \u00e9galement ouvert \u00e0 tous et toutes : <a rel=\"noreferrer noopener\" href=\"https:\/\/www.lecourt1920.com\/\" target=\"_blank\">https:\/\/www.lecourt1920.com\/<\/a> <br>03.26.09.46.93 &#8211; restaurant@lecourt1920.com<br><strong>Le d\u00e9pliant des JEP 2022 <\/strong>avec programme et plan  r\u00e9alis\u00e9 par la Ville de Reims est disponible au club<\/p>\n\n\n<div class=\"wp-block-image\">\n<figure class=\"aligncenter size-large\"><img loading=\"lazy\" decoding=\"async\" width=\"700\" height=\"992\" src=\"https:\/\/tcreims.com\/wp-content\/uploads\/2022\/09\/Flyer_9_LeMog_Sportman_JEP_1_TCR-1-700x992.jpg\" alt=\"\" class=\"wp-image-5171\" srcset=\"https:\/\/tcreims.com\/wp-content\/uploads\/2022\/09\/Flyer_9_LeMog_Sportman_JEP_1_TCR-1-700x992.jpg 700w, https:\/\/tcreims.com\/wp-content\/uploads\/2022\/09\/Flyer_9_LeMog_Sportman_JEP_1_TCR-1-212x300.jpg 212w, https:\/\/tcreims.com\/wp-content\/uploads\/2022\/09\/Flyer_9_LeMog_Sportman_JEP_1_TCR-1-768x1089.jpg 768w, https:\/\/tcreims.com\/wp-content\/uploads\/2022\/09\/Flyer_9_LeMog_Sportman_JEP_1_TCR-1-600x851.jpg 600w, https:\/\/tcreims.com\/wp-content\/uploads\/2022\/09\/Flyer_9_LeMog_Sportman_JEP_1_TCR-1-1084x1536.jpg 1084w, https:\/\/tcreims.com\/wp-content\/uploads\/2022\/09\/Flyer_9_LeMog_Sportman_JEP_1_TCR-1-1445x2048.jpg 1445w, https:\/\/tcreims.com\/wp-content\/uploads\/2022\/09\/Flyer_9_LeMog_Sportman_JEP_1_TCR-1.jpg 1748w\" sizes=\"auto, (max-width: 700px) 100vw, 700px\" \/><\/figure><\/div>","protected":false},"excerpt":{"rendered":"<p>Ce samedi 10 et dimanche 11 : Journ\u00e9es Portes Ouvertes, accueil des nouveaux membres et tableau final du Tournoi d&rsquo;\u00e9t\u00e9 Voir le tableau et le programme du jour sur Facebook Samedi<\/p>\n","protected":false},"author":3,"featured_media":5161,"comment_status":"closed","ping_status":"closed","sticky":false,"template":"","format":"standard","meta":{"jetpack_post_was_ever_published":false,"_jetpack_newsletter_access":"","_jetpack_dont_email_post_to_subs":false,"_jetpack_newsletter_tier_id":0,"_jetpack_memberships_contains_paywalled_content":false,"_jetpack_memberships_contains_paid_content":false,"footnotes":"","jetpack_publicize_message":"","jetpack_publicize_feature_enabled":true,"jetpack_social_post_already_shared":true,"jetpack_social_options":{"image_generator_settings":{"template":"highway","default_image_id":0,"font":"","enabled":false},"version":2}},"categories":[8,32,3],"tags":[],"class_list":["post-5160","post","type-post","status-publish","format-standard","has-post-thumbnail","hentry","category-evenements","category-journees-europeennes-du-patrimoine","category-tournoi"],"jetpack_publicize_connections":[],"jetpack_featured_media_url":"https:\/\/tcreims.com\/wp-content\/uploads\/2022\/09\/AFFICHE_JEP22_40X60-1.jpg","jetpack_sharing_enabled":true,"jetpack_likes_enabled":true,"_links":{"self":[{"href":"https:\/\/tcreims.com\/index.php?rest_route=\/wp\/v2\/posts\/5160","targetHints":{"allow":["GET"]}}],"collection":[{"href":"https:\/\/tcreims.com\/index.php?rest_route=\/wp\/v2\/posts"}],"about":[{"href":"https:\/\/tcreims.com\/index.php?rest_route=\/wp\/v2\/types\/post"}],"author":[{"embeddable":true,"href":"https:\/\/tcreims.com\/index.php?rest_route=\/wp\/v2\/users\/3"}],"replies":[{"embeddable":true,"href":"https:\/\/tcreims.com\/index.php?rest_route=%2Fwp%2Fv2%2Fcomments&post=5160"}],"version-history":[{"count":0,"href":"https:\/\/tcreims.com\/index.php?rest_route=\/wp\/v2\/posts\/5160\/revisions"}],"wp:featuredmedia":[{"embeddable":true,"href":"https:\/\/tcreims.com\/index.php?rest_route=\/wp\/v2\/media\/5161"}],"wp:attachment":[{"href":"https:\/\/tcreims.com\/index.php?rest_route=%2Fwp%2Fv2%2Fmedia&parent=5160"}],"wp:term":[{"taxonomy":"category","embeddable":true,"href":"https:\/\/tcreims.com\/index.php?rest_route=%2Fwp%2Fv2%2Fcategories&post=5160"},{"taxonomy":"post_tag","embeddable":true,"href":"https:\/\/tcreims.com\/index.php?rest_route=%2Fwp%2Fv2%2Ftags&post=5160"}],"curies":[{"name":"wp","href":"https:\/\/api.w.org\/{rel}","templated":true}]}}